{"id":12003,"date":"2013-10-08T15:05:12","date_gmt":"2013-10-08T15:05:12","guid":{"rendered":"https:\/\/elmi-ltd.com\/vietransfers.at\/new\/2013\/10\/08\/vienna-transfer-2\/"},"modified":"2020-09-07T11:40:19","modified_gmt":"2020-09-07T11:40:19","slug":"vienna-transfer-2","status":"publish","type":"post","link":"https:\/\/www.vietransfers.at\/de\/2013\/10\/08\/vienna-transfer-2\/","title":{"rendered":"Fahrten innerhalb von Wien"},"content":{"rendered":"<h3>Fahrten innerhalb von Wien<\/h3>\n<p><a title=\"\u0422\u0440\u0430\u043d\u0441\u0444\u0435\u0440 \u043f\u043e \u0412\u0435\u043d\u0435 (\u0410\u0432\u0441\u0442\u0440\u0438\u044f)\" href=\"http:\/\/www.vietransfers.at\/wp-content\/uploads\/2013\/01\/vienna01.jpg\" rel=\"lightbox[vienna]\"><img fetchpriority=\"high\" decoding=\"async\" class=\"border floatright alignright size-full wp-image-11710\" style=\"float: right; margin-left: 8px; margin-right: 8px;\" title=\"Photo: (c) himmelhoch\" src=\"http:\/\/www.vietransfers.at\/wp-content\/uploads\/2013\/01\/vienna01_thumb.jpg\" alt=\"\u0441\u043e\u043f\u0440\u043e\u0432\u043e\u0436\u0434\u0435\u043d\u0438\u0435 \u0432 \u0412\u0435\u043d\u0435\" width=\"300\" height=\"199\" border=\"0\" \/><\/a>F\u00fcr unsere Kunden bieten wir Fahrten innerhalb von Wien nach Ihrer gew\u00fcnschten Reiseroute an: zum Beispiel zu den Wiener Sehensw\u00fcrdigkeiten, zum Shoppen, ins Restaurant oder Klub.<\/p>\n<p>F\u00fcr den Transfer innerhalb der Stadt sind wir in der Lage, Ihnen das Transportsmittel zu besorgen, das am meisten Ihren Bed\u00fcrfnissen entspricht: der Personenkraftwagen, ein Auto der Repr\u00e4sentative- oder der VIP- Klasse, der Minivan oder der Bus f\u00fcr gro\u00dfe Reisegruppen.<\/p>\n<p>Unser Fahrer wird Ihnen beim Shoppen helfen, wird ihnen ein Lokal f\u00fcr das Mittagessen empfehlen, wird Ihnen die Stadt zeigen oder wird Sie zu ihrem Business Treffen bringen! Wir haben gro\u00dfe Erfahrung sowohl bei der Bedienung von Unternehmen als auch kleiner Familiengruppen sowie bei der Organisation des Urlaubs f\u00fcr gro\u00dfe Reisegruppen.<\/p>\n<h3>Wie ist die Dienstleistung zu buchen?<\/h3>\n<p><a title=\"\u0422\u0440\u0430\u043d\u0441\u0444\u0435\u0440 \u043f\u043e \u0412\u0435\u043d\u0435 (\u0410\u0432\u0441\u0442\u0440\u0438\u044f)\" href=\"http:\/\/www.vietransfers.at\/wp-content\/uploads\/2013\/01\/vienna04.jpg\" rel=\"lightbox[vienna]\"><img decoding=\"async\" class=\"border floatright alignright size-full wp-image-11722\" style=\"float: right; margin-left: 8px; margin-right: 8px;\" title=\"Photo: (c) himmelhoch\" src=\"http:\/\/www.vietransfers.at\/wp-content\/uploads\/2013\/01\/vienna04_thumb.jpg\" alt=\"\u0438\u043d\u0434\u0438\u0432\u0438\u0434\u0443\u0430\u043b\u044c\u043d\u044b\u0439 \u0432\u043e\u0434\u0438\u0442\u0435\u043b\u044c \u0432 \u0412\u0435\u043d\u0435\" width=\"300\" height=\"199\" border=\"0\" \/><\/a>Um einen Transfer in Wien zu buchen\u00a0<a href=\"http:\/\/www.vietransfers.at\/de\/contact-us\/\">teilen Sie uns bitte mit:<\/a><\/p>\n<ul class=\"list-arrow arrow-green\">\n<li>Datum und Uhrzeit der Fahrt<\/li>\n<li>Anzahl der Passagiere<\/li>\n<li>notwendige oder die gew\u00fcnschte Wagenklasse<\/li>\n<\/ul>\n","protected":false},"excerpt":{"rendered":"<p>Fahrten innerhalb von Wien F\u00fcr unsere Kunden bieten wir Fahrten innerhalb von Wien nach Ihrer gew\u00fcnschten Reiseroute an: zum Beispiel zu den Wiener Sehensw\u00fcrdigkeiten, zum Shoppen, ins Restaurant oder Klub. F\u00fcr den Transfer innerhalb der Stadt sind wir in der Lage, Ihnen das Transportsmittel zu besorgen, das am meisten Ihren Bed\u00fcrfnissen entspricht: der Personenkraftwagen, ein [&hellip;]<\/p>\n","protected":false},"author":1,"featured_media":18635,"comment_status":"open","ping_status":"open","sticky":false,"template":"","format":"standard","meta":{"footnotes":""},"categories":[485],"tags":[],"class_list":["post-12003","post","type-post","status-publish","format-standard","has-post-thumbnail","hentry","category-transfer-german-content"],"_links":{"self":[{"href":"https:\/\/www.vietransfers.at\/de\/wp-json\/wp\/v2\/posts\/12003","targetHints":{"allow":["GET"]}}],"collection":[{"href":"https:\/\/www.vietransfers.at\/de\/wp-json\/wp\/v2\/posts"}],"about":[{"href":"https:\/\/www.vietransfers.at\/de\/wp-json\/wp\/v2\/types\/post"}],"author":[{"embeddable":true,"href":"https:\/\/www.vietransfers.at\/de\/wp-json\/wp\/v2\/users\/1"}],"replies":[{"embeddable":true,"href":"https:\/\/www.vietransfers.at\/de\/wp-json\/wp\/v2\/comments?post=12003"}],"version-history":[{"count":2,"href":"https:\/\/www.vietransfers.at\/de\/wp-json\/wp\/v2\/posts\/12003\/revisions"}],"predecessor-version":[{"id":18460,"href":"https:\/\/www.vietransfers.at\/de\/wp-json\/wp\/v2\/posts\/12003\/revisions\/18460"}],"wp:featuredmedia":[{"embeddable":true,"href":"https:\/\/www.vietransfers.at\/de\/wp-json\/wp\/v2\/media\/18635"}],"wp:attachment":[{"href":"https:\/\/www.vietransfers.at\/de\/wp-json\/wp\/v2\/media?parent=12003"}],"wp:term":[{"taxonomy":"category","embeddable":true,"href":"https:\/\/www.vietransfers.at\/de\/wp-json\/wp\/v2\/categories?post=12003"},{"taxonomy":"post_tag","embeddable":true,"href":"https:\/\/www.vietransfers.at\/de\/wp-json\/wp\/v2\/tags?post=12003"}],"curies":[{"name":"wp","href":"https:\/\/api.w.org\/{rel}","templated":true}]}}